{"id":655,"date":"2020-07-26T20:56:41","date_gmt":"2020-07-26T20:56:41","guid":{"rendered":"https:\/\/kdselce.si\/w\/?p=655"},"modified":"2020-12-08T20:57:59","modified_gmt":"2020-12-08T20:57:59","slug":"pokal-bleda","status":"publish","type":"post","link":"https:\/\/kdselce.si\/w\/pokal-bleda\/","title":{"rendered":"Pokal Bleda"},"content":{"rendered":"\n<p>V soboto, 18. julija 2020 so se \u010dlani KD ARCONT SELCE pomerili na leto\u0161nji prvi cestni dirki, ki to\u010dkuje za Pokal Slovenije.<\/p>\n\n\n\n<p>Sve\u017ee son\u010dno jutro, na biatlonskem stadionu na Pokljuki, pri 8 stopinjah Celzija in tehni\u010dno precej zahtevna trasa sta zaznamovala dirko za Pokal Bleda 2020.<\/p>\n\n\n\n<p>Na\u0161i tekovalci so zasedli:<br>Vid MURKO (Amaterji), 3. mesto<br>Marko POLAK (Master B ), 2. mesto<br>Franci PUK\u0160I\u010c (Master D), 4. mesto<\/p>\n","protected":false},"excerpt":{"rendered":"<p>V soboto, 18. julija 2020 so se \u010dlani KD ARCONT SELCE pomerili na leto\u0161nji prvi cestni dirki, ki to\u010dkuje za Pokal Slovenije. Sve\u017ee son\u010dno jutro, na biatlonskem stadionu na Pokljuki, pri 8 stopinjah Celzija in tehni\u010dno precej zahtevna trasa sta zaznamovala dirko za Pokal Bleda 2020. Na\u0161i tekovalci so zasedli:Vid MURKO (Amaterji), 3. mestoMarko POLAK [&hellip;]<\/p>\n","protected":false},"author":1,"featured_media":656,"comment_status":"open","ping_status":"open","sticky":false,"template":"","format":"standard","meta":{"_et_pb_use_builder":"off","_et_pb_old_content":"","_et_gb_content_width":"","footnotes":""},"categories":[1],"tags":[],"class_list":["post-655","post","type-post","status-publish","format-standard","has-post-thumbnail","hentry","category-klub"],"yoast_head":"<!-- This site is optimized with the Yoast SEO plugin v24.0 - https:\/\/yoast.com\/wordpress\/plugins\/seo\/ -->\n<title>Pokal Bleda - Kolesarsko dru\u0161tvo Selce<\/title>\n<meta name=\"description\" content=\"Kolesarsko dru\u0161tvo Selce je bilo ustanovljeno 28. marca 2010. Ustanovili smo ga prijatelji in znanci, ki nas dru\u017ei \u017eelja po razgibanem pre\u017eivljanju prostega \u010dasa \u2013 na kolesu. Dru\u0161tvo danes \u0161teje \u017ee ve\u010d kot 50 aktivnih \u010dlanov.\" \/>\n<meta name=\"robots\" content=\"index, follow, max-snippet:-1, max-image-preview:large, max-video-preview:-1\" \/>\n<link rel=\"canonical\" href=\"https:\/\/kdselce.si\/w\/pokal-bleda\/\" \/>\n<meta property=\"og:locale\" content=\"sl_SI\" \/>\n<meta property=\"og:type\" content=\"article\" \/>\n<meta property=\"og:title\" content=\"Pokal Bleda - Kolesarsko dru\u0161tvo Selce\" \/>\n<meta property=\"og:description\" content=\"Kolesarsko dru\u0161tvo Selce je bilo ustanovljeno 28. marca 2010. Ustanovili smo ga prijatelji in znanci, ki nas dru\u017ei \u017eelja po razgibanem pre\u017eivljanju prostega \u010dasa \u2013 na kolesu. Dru\u0161tvo danes \u0161teje \u017ee ve\u010d kot 50 aktivnih \u010dlanov.\" \/>\n<meta property=\"og:url\" content=\"https:\/\/kdselce.si\/w\/pokal-bleda\/\" \/>\n<meta property=\"og:site_name\" content=\"Kolesarsko dru\u0161tvo Selce\" \/>\n<meta property=\"article:publisher\" content=\"https:\/\/www.facebook.com\/kdselce\/\" \/>\n<meta property=\"article:published_time\" content=\"2020-07-26T20:56:41+00:00\" \/>\n<meta property=\"article:modified_time\" content=\"2020-12-08T20:57:59+00:00\" \/>\n<meta property=\"og:image\" content=\"https:\/\/kdselce.si\/w\/wp-content\/uploads\/2020\/12\/46.jpg\" \/>\n\t<meta property=\"og:image:width\" content=\"720\" \/>\n\t<meta property=\"og:image:height\" content=\"960\" \/>\n\t<meta property=\"og:image:type\" content=\"image\/jpeg\" \/>\n<meta name=\"author\" content=\"admin\" \/>\n<meta name=\"twitter:card\" content=\"summary_large_image\" \/>\n<meta name=\"twitter:label1\" content=\"Written by\" \/>\n\t<meta name=\"twitter:data1\" content=\"admin\" \/>\n<script type=\"application\/ld+json\" class=\"yoast-schema-graph\">{\"@context\":\"https:\/\/schema.org\",\"@graph\":[{\"@type\":\"Article\",\"@id\":\"https:\/\/kdselce.si\/w\/pokal-bleda\/#article\",\"isPartOf\":{\"@id\":\"https:\/\/kdselce.si\/w\/pokal-bleda\/\"},\"author\":{\"name\":\"admin\",\"@id\":\"https:\/\/kdselce.si\/w\/#\/schema\/person\/a2d2397b9e26acc1d354baa7a004f913\"},\"headline\":\"Pokal Bleda\",\"datePublished\":\"2020-07-26T20:56:41+00:00\",\"dateModified\":\"2020-12-08T20:57:59+00:00\",\"mainEntityOfPage\":{\"@id\":\"https:\/\/kdselce.si\/w\/pokal-bleda\/\"},\"wordCount\":67,\"commentCount\":0,\"publisher\":{\"@id\":\"https:\/\/kdselce.si\/w\/#organization\"},\"image\":{\"@id\":\"https:\/\/kdselce.si\/w\/pokal-bleda\/#primaryimage\"},\"thumbnailUrl\":\"https:\/\/kdselce.si\/w\/wp-content\/uploads\/2020\/12\/46.jpg\",\"articleSection\":[\"Klub\"],\"inLanguage\":\"sl-SI\",\"potentialAction\":[{\"@type\":\"CommentAction\",\"name\":\"Comment\",\"target\":[\"https:\/\/kdselce.si\/w\/pokal-bleda\/#respond\"]}]},{\"@type\":\"WebPage\",\"@id\":\"https:\/\/kdselce.si\/w\/pokal-bleda\/\",\"url\":\"https:\/\/kdselce.si\/w\/pokal-bleda\/\",\"name\":\"Pokal Bleda - Kolesarsko dru\u0161tvo Selce\",\"isPartOf\":{\"@id\":\"https:\/\/kdselce.si\/w\/#website\"},\"primaryImageOfPage\":{\"@id\":\"https:\/\/kdselce.si\/w\/pokal-bleda\/#primaryimage\"},\"image\":{\"@id\":\"https:\/\/kdselce.si\/w\/pokal-bleda\/#primaryimage\"},\"thumbnailUrl\":\"https:\/\/kdselce.si\/w\/wp-content\/uploads\/2020\/12\/46.jpg\",\"datePublished\":\"2020-07-26T20:56:41+00:00\",\"dateModified\":\"2020-12-08T20:57:59+00:00\",\"description\":\"Kolesarsko dru\u0161tvo Selce je bilo ustanovljeno 28. marca 2010. Ustanovili smo ga prijatelji in znanci, ki nas dru\u017ei \u017eelja po razgibanem pre\u017eivljanju prostega \u010dasa \u2013 na kolesu. Dru\u0161tvo danes \u0161teje \u017ee ve\u010d kot 50 aktivnih \u010dlanov.\",\"breadcrumb\":{\"@id\":\"https:\/\/kdselce.si\/w\/pokal-bleda\/#breadcrumb\"},\"inLanguage\":\"sl-SI\",\"potentialAction\":[{\"@type\":\"ReadAction\",\"target\":[\"https:\/\/kdselce.si\/w\/pokal-bleda\/\"]}]},{\"@type\":\"ImageObject\",\"inLanguage\":\"sl-SI\",\"@id\":\"https:\/\/kdselce.si\/w\/pokal-bleda\/#primaryimage\",\"url\":\"https:\/\/kdselce.si\/w\/wp-content\/uploads\/2020\/12\/46.jpg\",\"contentUrl\":\"https:\/\/kdselce.si\/w\/wp-content\/uploads\/2020\/12\/46.jpg\",\"width\":720,\"height\":960},{\"@type\":\"BreadcrumbList\",\"@id\":\"https:\/\/kdselce.si\/w\/pokal-bleda\/#breadcrumb\",\"itemListElement\":[{\"@type\":\"ListItem\",\"position\":1,\"name\":\"Home\",\"item\":\"https:\/\/kdselce.si\/w\/\"},{\"@type\":\"ListItem\",\"position\":2,\"name\":\"Pokal Bleda\"}]},{\"@type\":\"WebSite\",\"@id\":\"https:\/\/kdselce.si\/w\/#website\",\"url\":\"https:\/\/kdselce.si\/w\/\",\"name\":\"Kolesarsko dru\u0161tvo Selce\",\"description\":\"Selce\",\"publisher\":{\"@id\":\"https:\/\/kdselce.si\/w\/#organization\"},\"potentialAction\":[{\"@type\":\"SearchAction\",\"target\":{\"@type\":\"EntryPoint\",\"urlTemplate\":\"https:\/\/kdselce.si\/w\/?s={search_term_string}\"},\"query-input\":{\"@type\":\"PropertyValueSpecification\",\"valueRequired\":true,\"valueName\":\"search_term_string\"}}],\"inLanguage\":\"sl-SI\"},{\"@type\":\"Organization\",\"@id\":\"https:\/\/kdselce.si\/w\/#organization\",\"name\":\"Kolesarsko dru\u0161tvo Selce\",\"url\":\"https:\/\/kdselce.si\/w\/\",\"logo\":{\"@type\":\"ImageObject\",\"inLanguage\":\"sl-SI\",\"@id\":\"https:\/\/kdselce.si\/w\/#\/schema\/logo\/image\/\",\"url\":\"https:\/\/kdselce.si\/w\/wp-content\/uploads\/2020\/12\/o-nas.jpg\",\"contentUrl\":\"https:\/\/kdselce.si\/w\/wp-content\/uploads\/2020\/12\/o-nas.jpg\",\"width\":1133,\"height\":937,\"caption\":\"Kolesarsko dru\u0161tvo Selce\"},\"image\":{\"@id\":\"https:\/\/kdselce.si\/w\/#\/schema\/logo\/image\/\"},\"sameAs\":[\"https:\/\/www.facebook.com\/kdselce\/\",\"https:\/\/www.instagram.com\/kd_selce\/\"]},{\"@type\":\"Person\",\"@id\":\"https:\/\/kdselce.si\/w\/#\/schema\/person\/a2d2397b9e26acc1d354baa7a004f913\",\"name\":\"admin\",\"image\":{\"@type\":\"ImageObject\",\"inLanguage\":\"sl-SI\",\"@id\":\"https:\/\/kdselce.si\/w\/#\/schema\/person\/image\/\",\"url\":\"https:\/\/secure.gravatar.com\/avatar\/f6f317582d42b511fdd7062344157f8e?s=96&d=mm&r=g\",\"contentUrl\":\"https:\/\/secure.gravatar.com\/avatar\/f6f317582d42b511fdd7062344157f8e?s=96&d=mm&r=g\",\"caption\":\"admin\"},\"sameAs\":[\"https:\/\/kdselce.si\/w\"],\"url\":\"https:\/\/kdselce.si\/w\/author\/admin\/\"}]}<\/script>\n<!-- \/ Yoast SEO plugin. -->","yoast_head_json":{"title":"Pokal Bleda - Kolesarsko dru\u0161tvo Selce","description":"Kolesarsko dru\u0161tvo Selce je bilo ustanovljeno 28. marca 2010. Ustanovili smo ga prijatelji in znanci, ki nas dru\u017ei \u017eelja po razgibanem pre\u017eivljanju prostega \u010dasa \u2013 na kolesu. Dru\u0161tvo danes \u0161teje \u017ee ve\u010d kot 50 aktivnih \u010dlanov.","robots":{"index":"index","follow":"follow","max-snippet":"max-snippet:-1","max-image-preview":"max-image-preview:large","max-video-preview":"max-video-preview:-1"},"canonical":"https:\/\/kdselce.si\/w\/pokal-bleda\/","og_locale":"sl_SI","og_type":"article","og_title":"Pokal Bleda - Kolesarsko dru\u0161tvo Selce","og_description":"Kolesarsko dru\u0161tvo Selce je bilo ustanovljeno 28. marca 2010. Ustanovili smo ga prijatelji in znanci, ki nas dru\u017ei \u017eelja po razgibanem pre\u017eivljanju prostega \u010dasa \u2013 na kolesu. Dru\u0161tvo danes \u0161teje \u017ee ve\u010d kot 50 aktivnih \u010dlanov.","og_url":"https:\/\/kdselce.si\/w\/pokal-bleda\/","og_site_name":"Kolesarsko dru\u0161tvo Selce","article_publisher":"https:\/\/www.facebook.com\/kdselce\/","article_published_time":"2020-07-26T20:56:41+00:00","article_modified_time":"2020-12-08T20:57:59+00:00","og_image":[{"width":720,"height":960,"url":"https:\/\/kdselce.si\/w\/wp-content\/uploads\/2020\/12\/46.jpg","type":"image\/jpeg"}],"author":"admin","twitter_card":"summary_large_image","twitter_misc":{"Written by":"admin"},"schema":{"@context":"https:\/\/schema.org","@graph":[{"@type":"Article","@id":"https:\/\/kdselce.si\/w\/pokal-bleda\/#article","isPartOf":{"@id":"https:\/\/kdselce.si\/w\/pokal-bleda\/"},"author":{"name":"admin","@id":"https:\/\/kdselce.si\/w\/#\/schema\/person\/a2d2397b9e26acc1d354baa7a004f913"},"headline":"Pokal Bleda","datePublished":"2020-07-26T20:56:41+00:00","dateModified":"2020-12-08T20:57:59+00:00","mainEntityOfPage":{"@id":"https:\/\/kdselce.si\/w\/pokal-bleda\/"},"wordCount":67,"commentCount":0,"publisher":{"@id":"https:\/\/kdselce.si\/w\/#organization"},"image":{"@id":"https:\/\/kdselce.si\/w\/pokal-bleda\/#primaryimage"},"thumbnailUrl":"https:\/\/kdselce.si\/w\/wp-content\/uploads\/2020\/12\/46.jpg","articleSection":["Klub"],"inLanguage":"sl-SI","potentialAction":[{"@type":"CommentAction","name":"Comment","target":["https:\/\/kdselce.si\/w\/pokal-bleda\/#respond"]}]},{"@type":"WebPage","@id":"https:\/\/kdselce.si\/w\/pokal-bleda\/","url":"https:\/\/kdselce.si\/w\/pokal-bleda\/","name":"Pokal Bleda - Kolesarsko dru\u0161tvo Selce","isPartOf":{"@id":"https:\/\/kdselce.si\/w\/#website"},"primaryImageOfPage":{"@id":"https:\/\/kdselce.si\/w\/pokal-bleda\/#primaryimage"},"image":{"@id":"https:\/\/kdselce.si\/w\/pokal-bleda\/#primaryimage"},"thumbnailUrl":"https:\/\/kdselce.si\/w\/wp-content\/uploads\/2020\/12\/46.jpg","datePublished":"2020-07-26T20:56:41+00:00","dateModified":"2020-12-08T20:57:59+00:00","description":"Kolesarsko dru\u0161tvo Selce je bilo ustanovljeno 28. marca 2010. Ustanovili smo ga prijatelji in znanci, ki nas dru\u017ei \u017eelja po razgibanem pre\u017eivljanju prostega \u010dasa \u2013 na kolesu. Dru\u0161tvo danes \u0161teje \u017ee ve\u010d kot 50 aktivnih \u010dlanov.","breadcrumb":{"@id":"https:\/\/kdselce.si\/w\/pokal-bleda\/#breadcrumb"},"inLanguage":"sl-SI","potentialAction":[{"@type":"ReadAction","target":["https:\/\/kdselce.si\/w\/pokal-bleda\/"]}]},{"@type":"ImageObject","inLanguage":"sl-SI","@id":"https:\/\/kdselce.si\/w\/pokal-bleda\/#primaryimage","url":"https:\/\/kdselce.si\/w\/wp-content\/uploads\/2020\/12\/46.jpg","contentUrl":"https:\/\/kdselce.si\/w\/wp-content\/uploads\/2020\/12\/46.jpg","width":720,"height":960},{"@type":"BreadcrumbList","@id":"https:\/\/kdselce.si\/w\/pokal-bleda\/#breadcrumb","itemListElement":[{"@type":"ListItem","position":1,"name":"Home","item":"https:\/\/kdselce.si\/w\/"},{"@type":"ListItem","position":2,"name":"Pokal Bleda"}]},{"@type":"WebSite","@id":"https:\/\/kdselce.si\/w\/#website","url":"https:\/\/kdselce.si\/w\/","name":"Kolesarsko dru\u0161tvo Selce","description":"Selce","publisher":{"@id":"https:\/\/kdselce.si\/w\/#organization"},"potentialAction":[{"@type":"SearchAction","target":{"@type":"EntryPoint","urlTemplate":"https:\/\/kdselce.si\/w\/?s={search_term_string}"},"query-input":{"@type":"PropertyValueSpecification","valueRequired":true,"valueName":"search_term_string"}}],"inLanguage":"sl-SI"},{"@type":"Organization","@id":"https:\/\/kdselce.si\/w\/#organization","name":"Kolesarsko dru\u0161tvo Selce","url":"https:\/\/kdselce.si\/w\/","logo":{"@type":"ImageObject","inLanguage":"sl-SI","@id":"https:\/\/kdselce.si\/w\/#\/schema\/logo\/image\/","url":"https:\/\/kdselce.si\/w\/wp-content\/uploads\/2020\/12\/o-nas.jpg","contentUrl":"https:\/\/kdselce.si\/w\/wp-content\/uploads\/2020\/12\/o-nas.jpg","width":1133,"height":937,"caption":"Kolesarsko dru\u0161tvo Selce"},"image":{"@id":"https:\/\/kdselce.si\/w\/#\/schema\/logo\/image\/"},"sameAs":["https:\/\/www.facebook.com\/kdselce\/","https:\/\/www.instagram.com\/kd_selce\/"]},{"@type":"Person","@id":"https:\/\/kdselce.si\/w\/#\/schema\/person\/a2d2397b9e26acc1d354baa7a004f913","name":"admin","image":{"@type":"ImageObject","inLanguage":"sl-SI","@id":"https:\/\/kdselce.si\/w\/#\/schema\/person\/image\/","url":"https:\/\/secure.gravatar.com\/avatar\/f6f317582d42b511fdd7062344157f8e?s=96&d=mm&r=g","contentUrl":"https:\/\/secure.gravatar.com\/avatar\/f6f317582d42b511fdd7062344157f8e?s=96&d=mm&r=g","caption":"admin"},"sameAs":["https:\/\/kdselce.si\/w"],"url":"https:\/\/kdselce.si\/w\/author\/admin\/"}]}},"_links":{"self":[{"href":"https:\/\/kdselce.si\/w\/wp-json\/wp\/v2\/posts\/655","targetHints":{"allow":["GET"]}}],"collection":[{"href":"https:\/\/kdselce.si\/w\/wp-json\/wp\/v2\/posts"}],"about":[{"href":"https:\/\/kdselce.si\/w\/wp-json\/wp\/v2\/types\/post"}],"author":[{"embeddable":true,"href":"https:\/\/kdselce.si\/w\/wp-json\/wp\/v2\/users\/1"}],"replies":[{"embeddable":true,"href":"https:\/\/kdselce.si\/w\/wp-json\/wp\/v2\/comments?post=655"}],"version-history":[{"count":1,"href":"https:\/\/kdselce.si\/w\/wp-json\/wp\/v2\/posts\/655\/revisions"}],"predecessor-version":[{"id":657,"href":"https:\/\/kdselce.si\/w\/wp-json\/wp\/v2\/posts\/655\/revisions\/657"}],"wp:featuredmedia":[{"embeddable":true,"href":"https:\/\/kdselce.si\/w\/wp-json\/wp\/v2\/media\/656"}],"wp:attachment":[{"href":"https:\/\/kdselce.si\/w\/wp-json\/wp\/v2\/media?parent=655"}],"wp:term":[{"taxonomy":"category","embeddable":true,"href":"https:\/\/kdselce.si\/w\/wp-json\/wp\/v2\/categories?post=655"},{"taxonomy":"post_tag","embeddable":true,"href":"https:\/\/kdselce.si\/w\/wp-json\/wp\/v2\/tags?post=655"}],"curies":[{"name":"wp","href":"https:\/\/api.w.org\/{rel}","templated":true}]}}