{"id":1714,"date":"2024-08-10T16:56:00","date_gmt":"2024-08-10T15:56:00","guid":{"rendered":"https:\/\/kdselce.si\/w\/?p=1714"},"modified":"2024-12-19T19:33:00","modified_gmt":"2024-12-19T18:33:00","slug":"krajnska-gora","status":"publish","type":"post","link":"https:\/\/kdselce.si\/w\/krajnska-gora\/","title":{"rendered":"KRAJNSKA GORA"},"content":{"rendered":"\n<p>\u010clani smo se podali na kolesarski oddih v Kranjski Gori z okolico, kjer smo prekolesarili vse lepote te \u010dudovite pokrajine. Od slikovitih poti do Bleda, Planice, Vr\u0161i\u010da&nbsp; in okolice. Kranjska Gora je s svojo naravo in odli\u010dnimi kolesarskimi trasami popoln kraj za vse ljubitelje kolesarjenja!<\/p>\n","protected":false},"excerpt":{"rendered":"<p>\u010clani smo se podali na kolesarski oddih v Kranjski Gori z okolico, kjer smo prekolesarili vse lepote te \u010dudovite pokrajine. Od slikovitih poti do Bleda, Planice, Vr\u0161i\u010da&nbsp; in okolice. Kranjska Gora je s svojo naravo in odli\u010dnimi kolesarskimi trasami popoln kraj za vse ljubitelje kolesarjenja!<\/p>\n","protected":false},"author":3,"featured_media":1801,"comment_status":"closed","ping_status":"open","sticky":false,"template":"","format":"standard","meta":{"_et_pb_use_builder":"","_et_pb_old_content":"","_et_gb_content_width":"","footnotes":""},"categories":[1],"tags":[],"class_list":["post-1714","post","type-post","status-publish","format-standard","has-post-thumbnail","hentry","category-klub"],"yoast_head":"<!-- This site is optimized with the Yoast SEO plugin v24.0 - https:\/\/yoast.com\/wordpress\/plugins\/seo\/ -->\n<title>KRAJNSKA GORA - Kolesarsko dru\u0161tvo Selce<\/title>\n<meta name=\"description\" content=\"Kolesarsko dru\u0161tvo Selce je bilo ustanovljeno 28. marca 2010. Ustanovili smo ga prijatelji in znanci, ki nas dru\u017ei \u017eelja po razgibanem pre\u017eivljanju prostega \u010dasa \u2013 na kolesu. Dru\u0161tvo danes \u0161teje \u017ee ve\u010d kot 50 aktivnih \u010dlanov.\" \/>\n<meta name=\"robots\" content=\"index, follow, max-snippet:-1, max-image-preview:large, max-video-preview:-1\" \/>\n<link rel=\"canonical\" href=\"https:\/\/kdselce.si\/w\/krajnska-gora\/\" \/>\n<meta property=\"og:locale\" content=\"sl_SI\" \/>\n<meta property=\"og:type\" content=\"article\" \/>\n<meta property=\"og:title\" content=\"KRAJNSKA GORA - Kolesarsko dru\u0161tvo Selce\" \/>\n<meta property=\"og:description\" content=\"Kolesarsko dru\u0161tvo Selce je bilo ustanovljeno 28. marca 2010. Ustanovili smo ga prijatelji in znanci, ki nas dru\u017ei \u017eelja po razgibanem pre\u017eivljanju prostega \u010dasa \u2013 na kolesu. Dru\u0161tvo danes \u0161teje \u017ee ve\u010d kot 50 aktivnih \u010dlanov.\" \/>\n<meta property=\"og:url\" content=\"https:\/\/kdselce.si\/w\/krajnska-gora\/\" \/>\n<meta property=\"og:site_name\" content=\"Kolesarsko dru\u0161tvo Selce\" \/>\n<meta property=\"article:publisher\" content=\"https:\/\/www.facebook.com\/kdselce\/\" \/>\n<meta property=\"article:published_time\" content=\"2024-08-10T15:56:00+00:00\" \/>\n<meta property=\"article:modified_time\" content=\"2024-12-19T18:33:00+00:00\" \/>\n<meta property=\"og:image\" content=\"https:\/\/kdselce.si\/w\/wp-content\/uploads\/2024\/12\/krajnska-gora-2.jpg\" \/>\n\t<meta property=\"og:image:width\" content=\"1530\" \/>\n\t<meta property=\"og:image:height\" content=\"2040\" \/>\n\t<meta property=\"og:image:type\" content=\"image\/jpeg\" \/>\n<meta name=\"author\" content=\"erazem\" \/>\n<meta name=\"twitter:card\" content=\"summary_large_image\" \/>\n<meta name=\"twitter:label1\" content=\"Written by\" \/>\n\t<meta name=\"twitter:data1\" content=\"erazem\" \/>\n\t<meta name=\"twitter:label2\" content=\"Est. reading time\" \/>\n\t<meta name=\"twitter:data2\" content=\"1 minuta\" \/>\n<script type=\"application\/ld+json\" class=\"yoast-schema-graph\">{\"@context\":\"https:\/\/schema.org\",\"@graph\":[{\"@type\":\"Article\",\"@id\":\"https:\/\/kdselce.si\/w\/krajnska-gora\/#article\",\"isPartOf\":{\"@id\":\"https:\/\/kdselce.si\/w\/krajnska-gora\/\"},\"author\":{\"name\":\"erazem\",\"@id\":\"https:\/\/kdselce.si\/w\/#\/schema\/person\/2a36709b675e8d1fa40732218ef5881d\"},\"headline\":\"KRAJNSKA GORA\",\"datePublished\":\"2024-08-10T15:56:00+00:00\",\"dateModified\":\"2024-12-19T18:33:00+00:00\",\"mainEntityOfPage\":{\"@id\":\"https:\/\/kdselce.si\/w\/krajnska-gora\/\"},\"wordCount\":51,\"publisher\":{\"@id\":\"https:\/\/kdselce.si\/w\/#organization\"},\"image\":{\"@id\":\"https:\/\/kdselce.si\/w\/krajnska-gora\/#primaryimage\"},\"thumbnailUrl\":\"https:\/\/kdselce.si\/w\/wp-content\/uploads\/2024\/12\/krajnska-gora-2.jpg\",\"articleSection\":[\"Klub\"],\"inLanguage\":\"sl-SI\"},{\"@type\":\"WebPage\",\"@id\":\"https:\/\/kdselce.si\/w\/krajnska-gora\/\",\"url\":\"https:\/\/kdselce.si\/w\/krajnska-gora\/\",\"name\":\"KRAJNSKA GORA - Kolesarsko dru\u0161tvo Selce\",\"isPartOf\":{\"@id\":\"https:\/\/kdselce.si\/w\/#website\"},\"primaryImageOfPage\":{\"@id\":\"https:\/\/kdselce.si\/w\/krajnska-gora\/#primaryimage\"},\"image\":{\"@id\":\"https:\/\/kdselce.si\/w\/krajnska-gora\/#primaryimage\"},\"thumbnailUrl\":\"https:\/\/kdselce.si\/w\/wp-content\/uploads\/2024\/12\/krajnska-gora-2.jpg\",\"datePublished\":\"2024-08-10T15:56:00+00:00\",\"dateModified\":\"2024-12-19T18:33:00+00:00\",\"description\":\"Kolesarsko dru\u0161tvo Selce je bilo ustanovljeno 28. marca 2010. Ustanovili smo ga prijatelji in znanci, ki nas dru\u017ei \u017eelja po razgibanem pre\u017eivljanju prostega \u010dasa \u2013 na kolesu. Dru\u0161tvo danes \u0161teje \u017ee ve\u010d kot 50 aktivnih \u010dlanov.\",\"breadcrumb\":{\"@id\":\"https:\/\/kdselce.si\/w\/krajnska-gora\/#breadcrumb\"},\"inLanguage\":\"sl-SI\",\"potentialAction\":[{\"@type\":\"ReadAction\",\"target\":[\"https:\/\/kdselce.si\/w\/krajnska-gora\/\"]}]},{\"@type\":\"ImageObject\",\"inLanguage\":\"sl-SI\",\"@id\":\"https:\/\/kdselce.si\/w\/krajnska-gora\/#primaryimage\",\"url\":\"https:\/\/kdselce.si\/w\/wp-content\/uploads\/2024\/12\/krajnska-gora-2.jpg\",\"contentUrl\":\"https:\/\/kdselce.si\/w\/wp-content\/uploads\/2024\/12\/krajnska-gora-2.jpg\",\"width\":1530,\"height\":2040},{\"@type\":\"BreadcrumbList\",\"@id\":\"https:\/\/kdselce.si\/w\/krajnska-gora\/#breadcrumb\",\"itemListElement\":[{\"@type\":\"ListItem\",\"position\":1,\"name\":\"Home\",\"item\":\"https:\/\/kdselce.si\/w\/\"},{\"@type\":\"ListItem\",\"position\":2,\"name\":\"KRAJNSKA GORA\"}]},{\"@type\":\"WebSite\",\"@id\":\"https:\/\/kdselce.si\/w\/#website\",\"url\":\"https:\/\/kdselce.si\/w\/\",\"name\":\"Kolesarsko dru\u0161tvo Selce\",\"description\":\"Selce\",\"publisher\":{\"@id\":\"https:\/\/kdselce.si\/w\/#organization\"},\"potentialAction\":[{\"@type\":\"SearchAction\",\"target\":{\"@type\":\"EntryPoint\",\"urlTemplate\":\"https:\/\/kdselce.si\/w\/?s={search_term_string}\"},\"query-input\":{\"@type\":\"PropertyValueSpecification\",\"valueRequired\":true,\"valueName\":\"search_term_string\"}}],\"inLanguage\":\"sl-SI\"},{\"@type\":\"Organization\",\"@id\":\"https:\/\/kdselce.si\/w\/#organization\",\"name\":\"Kolesarsko dru\u0161tvo Selce\",\"url\":\"https:\/\/kdselce.si\/w\/\",\"logo\":{\"@type\":\"ImageObject\",\"inLanguage\":\"sl-SI\",\"@id\":\"https:\/\/kdselce.si\/w\/#\/schema\/logo\/image\/\",\"url\":\"https:\/\/kdselce.si\/w\/wp-content\/uploads\/2020\/12\/o-nas.jpg\",\"contentUrl\":\"https:\/\/kdselce.si\/w\/wp-content\/uploads\/2020\/12\/o-nas.jpg\",\"width\":1133,\"height\":937,\"caption\":\"Kolesarsko dru\u0161tvo Selce\"},\"image\":{\"@id\":\"https:\/\/kdselce.si\/w\/#\/schema\/logo\/image\/\"},\"sameAs\":[\"https:\/\/www.facebook.com\/kdselce\/\",\"https:\/\/www.instagram.com\/kd_selce\/\"]},{\"@type\":\"Person\",\"@id\":\"https:\/\/kdselce.si\/w\/#\/schema\/person\/2a36709b675e8d1fa40732218ef5881d\",\"name\":\"erazem\",\"image\":{\"@type\":\"ImageObject\",\"inLanguage\":\"sl-SI\",\"@id\":\"https:\/\/kdselce.si\/w\/#\/schema\/person\/image\/\",\"url\":\"https:\/\/secure.gravatar.com\/avatar\/6156f4a7bcac7074327eca8d5b17144d?s=96&d=mm&r=g\",\"contentUrl\":\"https:\/\/secure.gravatar.com\/avatar\/6156f4a7bcac7074327eca8d5b17144d?s=96&d=mm&r=g\",\"caption\":\"erazem\"},\"url\":\"https:\/\/kdselce.si\/w\/author\/erazem\/\"}]}<\/script>\n<!-- \/ Yoast SEO plugin. -->","yoast_head_json":{"title":"KRAJNSKA GORA - Kolesarsko dru\u0161tvo Selce","description":"Kolesarsko dru\u0161tvo Selce je bilo ustanovljeno 28. marca 2010. Ustanovili smo ga prijatelji in znanci, ki nas dru\u017ei \u017eelja po razgibanem pre\u017eivljanju prostega \u010dasa \u2013 na kolesu. Dru\u0161tvo danes \u0161teje \u017ee ve\u010d kot 50 aktivnih \u010dlanov.","robots":{"index":"index","follow":"follow","max-snippet":"max-snippet:-1","max-image-preview":"max-image-preview:large","max-video-preview":"max-video-preview:-1"},"canonical":"https:\/\/kdselce.si\/w\/krajnska-gora\/","og_locale":"sl_SI","og_type":"article","og_title":"KRAJNSKA GORA - Kolesarsko dru\u0161tvo Selce","og_description":"Kolesarsko dru\u0161tvo Selce je bilo ustanovljeno 28. marca 2010. Ustanovili smo ga prijatelji in znanci, ki nas dru\u017ei \u017eelja po razgibanem pre\u017eivljanju prostega \u010dasa \u2013 na kolesu. Dru\u0161tvo danes \u0161teje \u017ee ve\u010d kot 50 aktivnih \u010dlanov.","og_url":"https:\/\/kdselce.si\/w\/krajnska-gora\/","og_site_name":"Kolesarsko dru\u0161tvo Selce","article_publisher":"https:\/\/www.facebook.com\/kdselce\/","article_published_time":"2024-08-10T15:56:00+00:00","article_modified_time":"2024-12-19T18:33:00+00:00","og_image":[{"width":1530,"height":2040,"url":"https:\/\/kdselce.si\/w\/wp-content\/uploads\/2024\/12\/krajnska-gora-2.jpg","type":"image\/jpeg"}],"author":"erazem","twitter_card":"summary_large_image","twitter_misc":{"Written by":"erazem","Est. reading time":"1 minuta"},"schema":{"@context":"https:\/\/schema.org","@graph":[{"@type":"Article","@id":"https:\/\/kdselce.si\/w\/krajnska-gora\/#article","isPartOf":{"@id":"https:\/\/kdselce.si\/w\/krajnska-gora\/"},"author":{"name":"erazem","@id":"https:\/\/kdselce.si\/w\/#\/schema\/person\/2a36709b675e8d1fa40732218ef5881d"},"headline":"KRAJNSKA GORA","datePublished":"2024-08-10T15:56:00+00:00","dateModified":"2024-12-19T18:33:00+00:00","mainEntityOfPage":{"@id":"https:\/\/kdselce.si\/w\/krajnska-gora\/"},"wordCount":51,"publisher":{"@id":"https:\/\/kdselce.si\/w\/#organization"},"image":{"@id":"https:\/\/kdselce.si\/w\/krajnska-gora\/#primaryimage"},"thumbnailUrl":"https:\/\/kdselce.si\/w\/wp-content\/uploads\/2024\/12\/krajnska-gora-2.jpg","articleSection":["Klub"],"inLanguage":"sl-SI"},{"@type":"WebPage","@id":"https:\/\/kdselce.si\/w\/krajnska-gora\/","url":"https:\/\/kdselce.si\/w\/krajnska-gora\/","name":"KRAJNSKA GORA - Kolesarsko dru\u0161tvo Selce","isPartOf":{"@id":"https:\/\/kdselce.si\/w\/#website"},"primaryImageOfPage":{"@id":"https:\/\/kdselce.si\/w\/krajnska-gora\/#primaryimage"},"image":{"@id":"https:\/\/kdselce.si\/w\/krajnska-gora\/#primaryimage"},"thumbnailUrl":"https:\/\/kdselce.si\/w\/wp-content\/uploads\/2024\/12\/krajnska-gora-2.jpg","datePublished":"2024-08-10T15:56:00+00:00","dateModified":"2024-12-19T18:33:00+00:00","description":"Kolesarsko dru\u0161tvo Selce je bilo ustanovljeno 28. marca 2010. Ustanovili smo ga prijatelji in znanci, ki nas dru\u017ei \u017eelja po razgibanem pre\u017eivljanju prostega \u010dasa \u2013 na kolesu. Dru\u0161tvo danes \u0161teje \u017ee ve\u010d kot 50 aktivnih \u010dlanov.","breadcrumb":{"@id":"https:\/\/kdselce.si\/w\/krajnska-gora\/#breadcrumb"},"inLanguage":"sl-SI","potentialAction":[{"@type":"ReadAction","target":["https:\/\/kdselce.si\/w\/krajnska-gora\/"]}]},{"@type":"ImageObject","inLanguage":"sl-SI","@id":"https:\/\/kdselce.si\/w\/krajnska-gora\/#primaryimage","url":"https:\/\/kdselce.si\/w\/wp-content\/uploads\/2024\/12\/krajnska-gora-2.jpg","contentUrl":"https:\/\/kdselce.si\/w\/wp-content\/uploads\/2024\/12\/krajnska-gora-2.jpg","width":1530,"height":2040},{"@type":"BreadcrumbList","@id":"https:\/\/kdselce.si\/w\/krajnska-gora\/#breadcrumb","itemListElement":[{"@type":"ListItem","position":1,"name":"Home","item":"https:\/\/kdselce.si\/w\/"},{"@type":"ListItem","position":2,"name":"KRAJNSKA GORA"}]},{"@type":"WebSite","@id":"https:\/\/kdselce.si\/w\/#website","url":"https:\/\/kdselce.si\/w\/","name":"Kolesarsko dru\u0161tvo Selce","description":"Selce","publisher":{"@id":"https:\/\/kdselce.si\/w\/#organization"},"potentialAction":[{"@type":"SearchAction","target":{"@type":"EntryPoint","urlTemplate":"https:\/\/kdselce.si\/w\/?s={search_term_string}"},"query-input":{"@type":"PropertyValueSpecification","valueRequired":true,"valueName":"search_term_string"}}],"inLanguage":"sl-SI"},{"@type":"Organization","@id":"https:\/\/kdselce.si\/w\/#organization","name":"Kolesarsko dru\u0161tvo Selce","url":"https:\/\/kdselce.si\/w\/","logo":{"@type":"ImageObject","inLanguage":"sl-SI","@id":"https:\/\/kdselce.si\/w\/#\/schema\/logo\/image\/","url":"https:\/\/kdselce.si\/w\/wp-content\/uploads\/2020\/12\/o-nas.jpg","contentUrl":"https:\/\/kdselce.si\/w\/wp-content\/uploads\/2020\/12\/o-nas.jpg","width":1133,"height":937,"caption":"Kolesarsko dru\u0161tvo Selce"},"image":{"@id":"https:\/\/kdselce.si\/w\/#\/schema\/logo\/image\/"},"sameAs":["https:\/\/www.facebook.com\/kdselce\/","https:\/\/www.instagram.com\/kd_selce\/"]},{"@type":"Person","@id":"https:\/\/kdselce.si\/w\/#\/schema\/person\/2a36709b675e8d1fa40732218ef5881d","name":"erazem","image":{"@type":"ImageObject","inLanguage":"sl-SI","@id":"https:\/\/kdselce.si\/w\/#\/schema\/person\/image\/","url":"https:\/\/secure.gravatar.com\/avatar\/6156f4a7bcac7074327eca8d5b17144d?s=96&d=mm&r=g","contentUrl":"https:\/\/secure.gravatar.com\/avatar\/6156f4a7bcac7074327eca8d5b17144d?s=96&d=mm&r=g","caption":"erazem"},"url":"https:\/\/kdselce.si\/w\/author\/erazem\/"}]}},"_links":{"self":[{"href":"https:\/\/kdselce.si\/w\/wp-json\/wp\/v2\/posts\/1714","targetHints":{"allow":["GET"]}}],"collection":[{"href":"https:\/\/kdselce.si\/w\/wp-json\/wp\/v2\/posts"}],"about":[{"href":"https:\/\/kdselce.si\/w\/wp-json\/wp\/v2\/types\/post"}],"author":[{"embeddable":true,"href":"https:\/\/kdselce.si\/w\/wp-json\/wp\/v2\/users\/3"}],"replies":[{"embeddable":true,"href":"https:\/\/kdselce.si\/w\/wp-json\/wp\/v2\/comments?post=1714"}],"version-history":[{"count":2,"href":"https:\/\/kdselce.si\/w\/wp-json\/wp\/v2\/posts\/1714\/revisions"}],"predecessor-version":[{"id":1802,"href":"https:\/\/kdselce.si\/w\/wp-json\/wp\/v2\/posts\/1714\/revisions\/1802"}],"wp:featuredmedia":[{"embeddable":true,"href":"https:\/\/kdselce.si\/w\/wp-json\/wp\/v2\/media\/1801"}],"wp:attachment":[{"href":"https:\/\/kdselce.si\/w\/wp-json\/wp\/v2\/media?parent=1714"}],"wp:term":[{"taxonomy":"category","embeddable":true,"href":"https:\/\/kdselce.si\/w\/wp-json\/wp\/v2\/categories?post=1714"},{"taxonomy":"post_tag","embeddable":true,"href":"https:\/\/kdselce.si\/w\/wp-json\/wp\/v2\/tags?post=1714"}],"curies":[{"name":"wp","href":"https:\/\/api.w.org\/{rel}","templated":true}]}}