{"id":1102,"date":"2021-10-29T11:16:15","date_gmt":"2021-10-29T10:16:15","guid":{"rendered":"https:\/\/kdselce.si\/w\/?p=1102"},"modified":"2022-11-29T13:12:32","modified_gmt":"2022-11-29T12:12:32","slug":"oktober-2021","status":"publish","type":"post","link":"https:\/\/kdselce.si\/w\/oktober-2021\/","title":{"rendered":"TRIATLON, TOUR DE KAJ, SP SARAJEVO, 2. GF FALKENSTEINER BORIK"},"content":{"rendered":"\n<p>18.10.21<br>V zaklju\u010dku sezone je na ra\u010dun pri\u0161el triatlonec Vito Kraner in odli\u010dno izkoristil vikend z udele\u017ebo na<br>triatlonu <strong>Liebmannsee<\/strong> v soboto in udele\u017ebo na urbanem gladiatorju v nedeljo.<br>V obeh dneh je dosegel zavidljive rezultate!<br>Tudi Simon Ko\u010dnik ni skoparil z udele\u017ebo. Ni skrivnost, da so mu ljubi maratoni v sosednji Hrva\u0161ki,<br>zato je najprej odpeljal <strong>Tur de Kaj<\/strong> v bli\u017eini Vara\u017edina, kjer je dosegel 22.<br>mesto v kategoriji Master. Da je mojster te\u017ekih maratonov nam je dokazal tudi na kolesarski dirki<br><strong>Istra300<\/strong> v Pore\u010du, kjer je na razdalji 235 km dosegel vrhunsko 3. mesto!<br>De\u017e, sneg in mraz so besede, ki bi najbolje opisale leto\u0161nje <strong>svetovno prvenstvo v Sarajevu<\/strong>. Zaradi<br>ekstremno nizkih temperatur in de\u017eja so bili organizatorji primorani traso skraj\u0161ati za en krog. Na\u0161i<br>gladiatorji so se uspeli optimalno pripraviti na nizke temperature in varno pripeljati v cilj. Najve\u010dje<br>preglavice jim je povzro\u010dalo zaviranje, saj v tako hudem mrazu prstov skoraj ne \u010duti\u0161 in te\u017eko zavira\u0161.<br>Bogatej\u0161i \u0161e za eno izku\u0161njo ve\u010d, so se polni vtisov, zadovoljni z rezultati odpravili domov.<strong><br>Karli Petelin 20. mesto M 19-34<br>Vid Murko 30. mesto M 19-34<br>Lovro \u0160kerget 30. mesto M 50-55<\/strong><\/p>\n\n\n\n<p>Enega izmed zadnjih lep\u0161ih vikendov pa smo izkoristili \u0161e za kolesarski oddih v Zadru, kjer pa smo se<br>\u0161tevil\u010dno udele\u017eili tudi<strong> 2. Granfondo Falkensteiner Borik<\/strong> maratona.<br>Organizatorji so postregli z dvema trasama. Lahko smo izbirali med 56 km in 110 km. Na\u0161i \u010dlani so z<br>odli\u010dnimi uvrstitvami poskrbeli, da so bile stopni\u010dke obarvane v barve KD Arcont Selce.<br><strong>Media fondo<\/strong>:<br>Darjan Klobasa 1. mesto<br>\u0160kerget Lovro 2. mesto<br>Mirko \u0160pandl 20. mesto<br>Bla\u017e Berli\u010d 35. mesto<br>\u017d<strong>enske<\/strong>:<br>Katja Kau\u010di\u010d 2. mesto<br>\u0160pela Jelov\u010dan 3. mesto<br><strong>Gran fondo<\/strong>:<br>Jan Veseli\u010d 10. mesto<br>Simon Ko\u010dnik 16. mesto<br>Tadej Ademovi\u010d 33. mesto<br>Luka Farazin 52. mesto<br>\u017dan \u0160tefanec 66. mesto<\/p>\n\n\n\n<figure class=\"wp-block-gallery columns-5 is-cropped wp-block-gallery-1 is-layout-flex wp-block-gallery-is-layout-flex\"><ul class=\"blocks-gallery-grid\"><li class=\"blocks-gallery-item\"><figure><img loading=\"lazy\" decoding=\"async\" width=\"450\" height=\"600\" src=\"https:\/\/kdselce.si\/w\/wp-content\/uploads\/2022\/11\/2.jpg\" alt=\"\" data-id=\"1105\" data-link=\"https:\/\/kdselce.si\/w\/?attachment_id=1105\" class=\"wp-image-1105\" srcset=\"https:\/\/kdselce.si\/w\/wp-content\/uploads\/2022\/11\/2.jpg 450w, https:\/\/kdselce.si\/w\/wp-content\/uploads\/2022\/11\/2-225x300.jpg 225w, https:\/\/kdselce.si\/w\/wp-content\/uploads\/2022\/11\/2-113x150.jpg 113w\" sizes=\"(max-width: 450px) 100vw, 450px\" \/><\/figure><\/li><li class=\"blocks-gallery-item\"><figure><img loading=\"lazy\" decoding=\"async\" width=\"600\" height=\"600\" src=\"https:\/\/kdselce.si\/w\/wp-content\/uploads\/2022\/11\/22.jpg\" alt=\"\" data-id=\"1103\" data-link=\"https:\/\/kdselce.si\/w\/?attachment_id=1103\" class=\"wp-image-1103\" srcset=\"https:\/\/kdselce.si\/w\/wp-content\/uploads\/2022\/11\/22.jpg 600w, https:\/\/kdselce.si\/w\/wp-content\/uploads\/2022\/11\/22-480x480.jpg 480w\" sizes=\"(min-width: 0px) and (max-width: 480px) 480px, (min-width: 481px) 600px, 100vw\" \/><\/figure><\/li><li class=\"blocks-gallery-item\"><figure><img loading=\"lazy\" decoding=\"async\" width=\"960\" height=\"639\" src=\"https:\/\/kdselce.si\/w\/wp-content\/uploads\/2022\/11\/23.jpg\" alt=\"\" data-id=\"1104\" data-link=\"https:\/\/kdselce.si\/w\/?attachment_id=1104\" class=\"wp-image-1104\" srcset=\"https:\/\/kdselce.si\/w\/wp-content\/uploads\/2022\/11\/23.jpg 960w, https:\/\/kdselce.si\/w\/wp-content\/uploads\/2022\/11\/23-480x320.jpg 480w\" sizes=\"(min-width: 0px) and (max-width: 480px) 480px, (min-width: 481px) 960px, 100vw\" \/><\/figure><\/li><li class=\"blocks-gallery-item\"><figure><img loading=\"lazy\" decoding=\"async\" width=\"450\" height=\"600\" src=\"https:\/\/kdselce.si\/w\/wp-content\/uploads\/2022\/11\/21.jpg\" alt=\"\" data-id=\"1106\" data-link=\"https:\/\/kdselce.si\/w\/?attachment_id=1106\" class=\"wp-image-1106\" srcset=\"https:\/\/kdselce.si\/w\/wp-content\/uploads\/2022\/11\/21.jpg 450w, https:\/\/kdselce.si\/w\/wp-content\/uploads\/2022\/11\/21-225x300.jpg 225w, https:\/\/kdselce.si\/w\/wp-content\/uploads\/2022\/11\/21-113x150.jpg 113w\" sizes=\"(max-width: 450px) 100vw, 450px\" \/><\/figure><\/li><li class=\"blocks-gallery-item\"><figure><img loading=\"lazy\" decoding=\"async\" width=\"461\" height=\"1024\" src=\"https:\/\/kdselce.si\/w\/wp-content\/uploads\/2022\/11\/image_6483441-2-461x1024.jpg\" alt=\"\" data-id=\"1109\" data-full-url=\"https:\/\/kdselce.si\/w\/wp-content\/uploads\/2022\/11\/image_6483441-2-scaled.jpg\" data-link=\"https:\/\/kdselce.si\/w\/?attachment_id=1109\" class=\"wp-image-1109\"\/><\/figure><\/li><li class=\"blocks-gallery-item\"><figure><img loading=\"lazy\" decoding=\"async\" width=\"1024\" height=\"461\" src=\"https:\/\/kdselce.si\/w\/wp-content\/uploads\/2022\/11\/image_6483441-1024x461.jpg\" alt=\"\" data-id=\"1111\" data-full-url=\"https:\/\/kdselce.si\/w\/wp-content\/uploads\/2022\/11\/image_6483441-scaled.jpg\" data-link=\"https:\/\/kdselce.si\/w\/?attachment_id=1111\" class=\"wp-image-1111\" srcset=\"https:\/\/kdselce.si\/w\/wp-content\/uploads\/2022\/11\/image_6483441-980x441.jpg 980w, https:\/\/kdselce.si\/w\/wp-content\/uploads\/2022\/11\/image_6483441-480x216.jpg 480w\" sizes=\"(min-width: 0px) and (max-width: 480px) 480px, (min-width: 481px) and (max-width: 980px) 980px, (min-width: 981px) 1024px, 100vw\" \/><\/figure><\/li><\/ul><\/figure>\n","protected":false},"excerpt":{"rendered":"<p>18.10.21V zaklju\u010dku sezone je na ra\u010dun pri\u0161el triatlonec Vito Kraner in odli\u010dno izkoristil vikend z udele\u017ebo natriatlonu Liebmannsee v soboto in udele\u017ebo na urbanem gladiatorju v nedeljo.V obeh dneh je dosegel zavidljive rezultate!Tudi Simon Ko\u010dnik ni skoparil z udele\u017ebo. Ni skrivnost, da so mu ljubi maratoni v sosednji Hrva\u0161ki,zato je najprej odpeljal Tur de Kaj [&hellip;]<\/p>\n","protected":false},"author":4,"featured_media":1110,"comment_status":"closed","ping_status":"open","sticky":false,"template":"","format":"standard","meta":{"_et_pb_use_builder":"","_et_pb_old_content":"","_et_gb_content_width":"","footnotes":""},"categories":[1],"tags":[],"class_list":["post-1102","post","type-post","status-publish","format-standard","has-post-thumbnail","hentry","category-klub"],"yoast_head":"<!-- This site is optimized with the Yoast SEO plugin v24.0 - https:\/\/yoast.com\/wordpress\/plugins\/seo\/ -->\n<title>TRIATLON, TOUR DE KAJ, SP SARAJEVO, 2. GF FALKENSTEINER BORIK - Kolesarsko dru\u0161tvo Selce<\/title>\n<meta name=\"description\" content=\"Kolesarsko dru\u0161tvo Selce je bilo ustanovljeno 28. marca 2010. Ustanovili smo ga prijatelji in znanci, ki nas dru\u017ei \u017eelja po razgibanem pre\u017eivljanju prostega \u010dasa \u2013 na kolesu. Dru\u0161tvo danes \u0161teje \u017ee ve\u010d kot 50 aktivnih \u010dlanov.\" \/>\n<meta name=\"robots\" content=\"index, follow, max-snippet:-1, max-image-preview:large, max-video-preview:-1\" \/>\n<link rel=\"canonical\" href=\"https:\/\/kdselce.si\/w\/oktober-2021\/\" \/>\n<meta property=\"og:locale\" content=\"sl_SI\" \/>\n<meta property=\"og:type\" content=\"article\" \/>\n<meta property=\"og:title\" content=\"TRIATLON, TOUR DE KAJ, SP SARAJEVO, 2. GF FALKENSTEINER BORIK - Kolesarsko dru\u0161tvo Selce\" \/>\n<meta property=\"og:description\" content=\"Kolesarsko dru\u0161tvo Selce je bilo ustanovljeno 28. marca 2010. Ustanovili smo ga prijatelji in znanci, ki nas dru\u017ei \u017eelja po razgibanem pre\u017eivljanju prostega \u010dasa \u2013 na kolesu. Dru\u0161tvo danes \u0161teje \u017ee ve\u010d kot 50 aktivnih \u010dlanov.\" \/>\n<meta property=\"og:url\" content=\"https:\/\/kdselce.si\/w\/oktober-2021\/\" \/>\n<meta property=\"og:site_name\" content=\"Kolesarsko dru\u0161tvo Selce\" \/>\n<meta property=\"article:publisher\" content=\"https:\/\/www.facebook.com\/kdselce\/\" \/>\n<meta property=\"article:published_time\" content=\"2021-10-29T10:16:15+00:00\" \/>\n<meta property=\"article:modified_time\" content=\"2022-11-29T12:12:32+00:00\" \/>\n<meta property=\"og:image\" content=\"https:\/\/kdselce.si\/w\/wp-content\/uploads\/2022\/11\/image_6483441-1-scaled.jpg\" \/>\n\t<meta property=\"og:image:width\" content=\"2560\" \/>\n\t<meta property=\"og:image:height\" content=\"1152\" \/>\n\t<meta property=\"og:image:type\" content=\"image\/jpeg\" \/>\n<meta name=\"author\" content=\"simonkocnik\" \/>\n<meta name=\"twitter:card\" content=\"summary_large_image\" \/>\n<meta name=\"twitter:label1\" content=\"Written by\" \/>\n\t<meta name=\"twitter:data1\" content=\"simonkocnik\" \/>\n\t<meta name=\"twitter:label2\" content=\"Est. reading time\" \/>\n\t<meta name=\"twitter:data2\" content=\"3 minute\" \/>\n<script type=\"application\/ld+json\" class=\"yoast-schema-graph\">{\"@context\":\"https:\/\/schema.org\",\"@graph\":[{\"@type\":\"Article\",\"@id\":\"https:\/\/kdselce.si\/w\/oktober-2021\/#article\",\"isPartOf\":{\"@id\":\"https:\/\/kdselce.si\/w\/oktober-2021\/\"},\"author\":{\"name\":\"simonkocnik\",\"@id\":\"https:\/\/kdselce.si\/w\/#\/schema\/person\/871f5dfa9ed98901e01476805f6d18f6\"},\"headline\":\"TRIATLON, TOUR DE KAJ, SP SARAJEVO, 2. GF FALKENSTEINER BORIK\",\"datePublished\":\"2021-10-29T10:16:15+00:00\",\"dateModified\":\"2022-11-29T12:12:32+00:00\",\"mainEntityOfPage\":{\"@id\":\"https:\/\/kdselce.si\/w\/oktober-2021\/\"},\"wordCount\":308,\"publisher\":{\"@id\":\"https:\/\/kdselce.si\/w\/#organization\"},\"image\":{\"@id\":\"https:\/\/kdselce.si\/w\/oktober-2021\/#primaryimage\"},\"thumbnailUrl\":\"https:\/\/kdselce.si\/w\/wp-content\/uploads\/2022\/11\/image_6483441-1-scaled.jpg\",\"articleSection\":[\"Klub\"],\"inLanguage\":\"sl-SI\"},{\"@type\":\"WebPage\",\"@id\":\"https:\/\/kdselce.si\/w\/oktober-2021\/\",\"url\":\"https:\/\/kdselce.si\/w\/oktober-2021\/\",\"name\":\"TRIATLON, TOUR DE KAJ, SP SARAJEVO, 2. GF FALKENSTEINER BORIK - Kolesarsko dru\u0161tvo Selce\",\"isPartOf\":{\"@id\":\"https:\/\/kdselce.si\/w\/#website\"},\"primaryImageOfPage\":{\"@id\":\"https:\/\/kdselce.si\/w\/oktober-2021\/#primaryimage\"},\"image\":{\"@id\":\"https:\/\/kdselce.si\/w\/oktober-2021\/#primaryimage\"},\"thumbnailUrl\":\"https:\/\/kdselce.si\/w\/wp-content\/uploads\/2022\/11\/image_6483441-1-scaled.jpg\",\"datePublished\":\"2021-10-29T10:16:15+00:00\",\"dateModified\":\"2022-11-29T12:12:32+00:00\",\"description\":\"Kolesarsko dru\u0161tvo Selce je bilo ustanovljeno 28. marca 2010. Ustanovili smo ga prijatelji in znanci, ki nas dru\u017ei \u017eelja po razgibanem pre\u017eivljanju prostega \u010dasa \u2013 na kolesu. Dru\u0161tvo danes \u0161teje \u017ee ve\u010d kot 50 aktivnih \u010dlanov.\",\"breadcrumb\":{\"@id\":\"https:\/\/kdselce.si\/w\/oktober-2021\/#breadcrumb\"},\"inLanguage\":\"sl-SI\",\"potentialAction\":[{\"@type\":\"ReadAction\",\"target\":[\"https:\/\/kdselce.si\/w\/oktober-2021\/\"]}]},{\"@type\":\"ImageObject\",\"inLanguage\":\"sl-SI\",\"@id\":\"https:\/\/kdselce.si\/w\/oktober-2021\/#primaryimage\",\"url\":\"https:\/\/kdselce.si\/w\/wp-content\/uploads\/2022\/11\/image_6483441-1-scaled.jpg\",\"contentUrl\":\"https:\/\/kdselce.si\/w\/wp-content\/uploads\/2022\/11\/image_6483441-1-scaled.jpg\",\"width\":2560,\"height\":1152},{\"@type\":\"BreadcrumbList\",\"@id\":\"https:\/\/kdselce.si\/w\/oktober-2021\/#breadcrumb\",\"itemListElement\":[{\"@type\":\"ListItem\",\"position\":1,\"name\":\"Home\",\"item\":\"https:\/\/kdselce.si\/w\/\"},{\"@type\":\"ListItem\",\"position\":2,\"name\":\"TRIATLON, TOUR DE KAJ, SP SARAJEVO, 2. GF FALKENSTEINER BORIK\"}]},{\"@type\":\"WebSite\",\"@id\":\"https:\/\/kdselce.si\/w\/#website\",\"url\":\"https:\/\/kdselce.si\/w\/\",\"name\":\"Kolesarsko dru\u0161tvo Selce\",\"description\":\"Selce\",\"publisher\":{\"@id\":\"https:\/\/kdselce.si\/w\/#organization\"},\"potentialAction\":[{\"@type\":\"SearchAction\",\"target\":{\"@type\":\"EntryPoint\",\"urlTemplate\":\"https:\/\/kdselce.si\/w\/?s={search_term_string}\"},\"query-input\":{\"@type\":\"PropertyValueSpecification\",\"valueRequired\":true,\"valueName\":\"search_term_string\"}}],\"inLanguage\":\"sl-SI\"},{\"@type\":\"Organization\",\"@id\":\"https:\/\/kdselce.si\/w\/#organization\",\"name\":\"Kolesarsko dru\u0161tvo Selce\",\"url\":\"https:\/\/kdselce.si\/w\/\",\"logo\":{\"@type\":\"ImageObject\",\"inLanguage\":\"sl-SI\",\"@id\":\"https:\/\/kdselce.si\/w\/#\/schema\/logo\/image\/\",\"url\":\"https:\/\/kdselce.si\/w\/wp-content\/uploads\/2020\/12\/o-nas.jpg\",\"contentUrl\":\"https:\/\/kdselce.si\/w\/wp-content\/uploads\/2020\/12\/o-nas.jpg\",\"width\":1133,\"height\":937,\"caption\":\"Kolesarsko dru\u0161tvo Selce\"},\"image\":{\"@id\":\"https:\/\/kdselce.si\/w\/#\/schema\/logo\/image\/\"},\"sameAs\":[\"https:\/\/www.facebook.com\/kdselce\/\",\"https:\/\/www.instagram.com\/kd_selce\/\"]},{\"@type\":\"Person\",\"@id\":\"https:\/\/kdselce.si\/w\/#\/schema\/person\/871f5dfa9ed98901e01476805f6d18f6\",\"name\":\"simonkocnik\",\"image\":{\"@type\":\"ImageObject\",\"inLanguage\":\"sl-SI\",\"@id\":\"https:\/\/kdselce.si\/w\/#\/schema\/person\/image\/\",\"url\":\"https:\/\/secure.gravatar.com\/avatar\/a693830a2836483e80b677a463fafc17?s=96&d=mm&r=g\",\"contentUrl\":\"https:\/\/secure.gravatar.com\/avatar\/a693830a2836483e80b677a463fafc17?s=96&d=mm&r=g\",\"caption\":\"simonkocnik\"},\"url\":\"https:\/\/kdselce.si\/w\/author\/simonkocnik\/\"}]}<\/script>\n<!-- \/ Yoast SEO plugin. -->","yoast_head_json":{"title":"TRIATLON, TOUR DE KAJ, SP SARAJEVO, 2. GF FALKENSTEINER BORIK - Kolesarsko dru\u0161tvo Selce","description":"Kolesarsko dru\u0161tvo Selce je bilo ustanovljeno 28. marca 2010. Ustanovili smo ga prijatelji in znanci, ki nas dru\u017ei \u017eelja po razgibanem pre\u017eivljanju prostega \u010dasa \u2013 na kolesu. Dru\u0161tvo danes \u0161teje \u017ee ve\u010d kot 50 aktivnih \u010dlanov.","robots":{"index":"index","follow":"follow","max-snippet":"max-snippet:-1","max-image-preview":"max-image-preview:large","max-video-preview":"max-video-preview:-1"},"canonical":"https:\/\/kdselce.si\/w\/oktober-2021\/","og_locale":"sl_SI","og_type":"article","og_title":"TRIATLON, TOUR DE KAJ, SP SARAJEVO, 2. GF FALKENSTEINER BORIK - Kolesarsko dru\u0161tvo Selce","og_description":"Kolesarsko dru\u0161tvo Selce je bilo ustanovljeno 28. marca 2010. Ustanovili smo ga prijatelji in znanci, ki nas dru\u017ei \u017eelja po razgibanem pre\u017eivljanju prostega \u010dasa \u2013 na kolesu. Dru\u0161tvo danes \u0161teje \u017ee ve\u010d kot 50 aktivnih \u010dlanov.","og_url":"https:\/\/kdselce.si\/w\/oktober-2021\/","og_site_name":"Kolesarsko dru\u0161tvo Selce","article_publisher":"https:\/\/www.facebook.com\/kdselce\/","article_published_time":"2021-10-29T10:16:15+00:00","article_modified_time":"2022-11-29T12:12:32+00:00","og_image":[{"width":2560,"height":1152,"url":"https:\/\/kdselce.si\/w\/wp-content\/uploads\/2022\/11\/image_6483441-1-scaled.jpg","type":"image\/jpeg"}],"author":"simonkocnik","twitter_card":"summary_large_image","twitter_misc":{"Written by":"simonkocnik","Est. reading time":"3 minute"},"schema":{"@context":"https:\/\/schema.org","@graph":[{"@type":"Article","@id":"https:\/\/kdselce.si\/w\/oktober-2021\/#article","isPartOf":{"@id":"https:\/\/kdselce.si\/w\/oktober-2021\/"},"author":{"name":"simonkocnik","@id":"https:\/\/kdselce.si\/w\/#\/schema\/person\/871f5dfa9ed98901e01476805f6d18f6"},"headline":"TRIATLON, TOUR DE KAJ, SP SARAJEVO, 2. GF FALKENSTEINER BORIK","datePublished":"2021-10-29T10:16:15+00:00","dateModified":"2022-11-29T12:12:32+00:00","mainEntityOfPage":{"@id":"https:\/\/kdselce.si\/w\/oktober-2021\/"},"wordCount":308,"publisher":{"@id":"https:\/\/kdselce.si\/w\/#organization"},"image":{"@id":"https:\/\/kdselce.si\/w\/oktober-2021\/#primaryimage"},"thumbnailUrl":"https:\/\/kdselce.si\/w\/wp-content\/uploads\/2022\/11\/image_6483441-1-scaled.jpg","articleSection":["Klub"],"inLanguage":"sl-SI"},{"@type":"WebPage","@id":"https:\/\/kdselce.si\/w\/oktober-2021\/","url":"https:\/\/kdselce.si\/w\/oktober-2021\/","name":"TRIATLON, TOUR DE KAJ, SP SARAJEVO, 2. GF FALKENSTEINER BORIK - Kolesarsko dru\u0161tvo Selce","isPartOf":{"@id":"https:\/\/kdselce.si\/w\/#website"},"primaryImageOfPage":{"@id":"https:\/\/kdselce.si\/w\/oktober-2021\/#primaryimage"},"image":{"@id":"https:\/\/kdselce.si\/w\/oktober-2021\/#primaryimage"},"thumbnailUrl":"https:\/\/kdselce.si\/w\/wp-content\/uploads\/2022\/11\/image_6483441-1-scaled.jpg","datePublished":"2021-10-29T10:16:15+00:00","dateModified":"2022-11-29T12:12:32+00:00","description":"Kolesarsko dru\u0161tvo Selce je bilo ustanovljeno 28. marca 2010. Ustanovili smo ga prijatelji in znanci, ki nas dru\u017ei \u017eelja po razgibanem pre\u017eivljanju prostega \u010dasa \u2013 na kolesu. Dru\u0161tvo danes \u0161teje \u017ee ve\u010d kot 50 aktivnih \u010dlanov.","breadcrumb":{"@id":"https:\/\/kdselce.si\/w\/oktober-2021\/#breadcrumb"},"inLanguage":"sl-SI","potentialAction":[{"@type":"ReadAction","target":["https:\/\/kdselce.si\/w\/oktober-2021\/"]}]},{"@type":"ImageObject","inLanguage":"sl-SI","@id":"https:\/\/kdselce.si\/w\/oktober-2021\/#primaryimage","url":"https:\/\/kdselce.si\/w\/wp-content\/uploads\/2022\/11\/image_6483441-1-scaled.jpg","contentUrl":"https:\/\/kdselce.si\/w\/wp-content\/uploads\/2022\/11\/image_6483441-1-scaled.jpg","width":2560,"height":1152},{"@type":"BreadcrumbList","@id":"https:\/\/kdselce.si\/w\/oktober-2021\/#breadcrumb","itemListElement":[{"@type":"ListItem","position":1,"name":"Home","item":"https:\/\/kdselce.si\/w\/"},{"@type":"ListItem","position":2,"name":"TRIATLON, TOUR DE KAJ, SP SARAJEVO, 2. GF FALKENSTEINER BORIK"}]},{"@type":"WebSite","@id":"https:\/\/kdselce.si\/w\/#website","url":"https:\/\/kdselce.si\/w\/","name":"Kolesarsko dru\u0161tvo Selce","description":"Selce","publisher":{"@id":"https:\/\/kdselce.si\/w\/#organization"},"potentialAction":[{"@type":"SearchAction","target":{"@type":"EntryPoint","urlTemplate":"https:\/\/kdselce.si\/w\/?s={search_term_string}"},"query-input":{"@type":"PropertyValueSpecification","valueRequired":true,"valueName":"search_term_string"}}],"inLanguage":"sl-SI"},{"@type":"Organization","@id":"https:\/\/kdselce.si\/w\/#organization","name":"Kolesarsko dru\u0161tvo Selce","url":"https:\/\/kdselce.si\/w\/","logo":{"@type":"ImageObject","inLanguage":"sl-SI","@id":"https:\/\/kdselce.si\/w\/#\/schema\/logo\/image\/","url":"https:\/\/kdselce.si\/w\/wp-content\/uploads\/2020\/12\/o-nas.jpg","contentUrl":"https:\/\/kdselce.si\/w\/wp-content\/uploads\/2020\/12\/o-nas.jpg","width":1133,"height":937,"caption":"Kolesarsko dru\u0161tvo Selce"},"image":{"@id":"https:\/\/kdselce.si\/w\/#\/schema\/logo\/image\/"},"sameAs":["https:\/\/www.facebook.com\/kdselce\/","https:\/\/www.instagram.com\/kd_selce\/"]},{"@type":"Person","@id":"https:\/\/kdselce.si\/w\/#\/schema\/person\/871f5dfa9ed98901e01476805f6d18f6","name":"simonkocnik","image":{"@type":"ImageObject","inLanguage":"sl-SI","@id":"https:\/\/kdselce.si\/w\/#\/schema\/person\/image\/","url":"https:\/\/secure.gravatar.com\/avatar\/a693830a2836483e80b677a463fafc17?s=96&d=mm&r=g","contentUrl":"https:\/\/secure.gravatar.com\/avatar\/a693830a2836483e80b677a463fafc17?s=96&d=mm&r=g","caption":"simonkocnik"},"url":"https:\/\/kdselce.si\/w\/author\/simonkocnik\/"}]}},"_links":{"self":[{"href":"https:\/\/kdselce.si\/w\/wp-json\/wp\/v2\/posts\/1102","targetHints":{"allow":["GET"]}}],"collection":[{"href":"https:\/\/kdselce.si\/w\/wp-json\/wp\/v2\/posts"}],"about":[{"href":"https:\/\/kdselce.si\/w\/wp-json\/wp\/v2\/types\/post"}],"author":[{"embeddable":true,"href":"https:\/\/kdselce.si\/w\/wp-json\/wp\/v2\/users\/4"}],"replies":[{"embeddable":true,"href":"https:\/\/kdselce.si\/w\/wp-json\/wp\/v2\/comments?post=1102"}],"version-history":[{"count":7,"href":"https:\/\/kdselce.si\/w\/wp-json\/wp\/v2\/posts\/1102\/revisions"}],"predecessor-version":[{"id":1128,"href":"https:\/\/kdselce.si\/w\/wp-json\/wp\/v2\/posts\/1102\/revisions\/1128"}],"wp:featuredmedia":[{"embeddable":true,"href":"https:\/\/kdselce.si\/w\/wp-json\/wp\/v2\/media\/1110"}],"wp:attachment":[{"href":"https:\/\/kdselce.si\/w\/wp-json\/wp\/v2\/media?parent=1102"}],"wp:term":[{"taxonomy":"category","embeddable":true,"href":"https:\/\/kdselce.si\/w\/wp-json\/wp\/v2\/categories?post=1102"},{"taxonomy":"post_tag","embeddable":true,"href":"https:\/\/kdselce.si\/w\/wp-json\/wp\/v2\/tags?post=1102"}],"curies":[{"name":"wp","href":"https:\/\/api.w.org\/{rel}","templated":true}]}}